{"id":2529,"date":"2023-03-14T12:12:54","date_gmt":"2023-03-14T10:12:54","guid":{"rendered":"https:\/\/biocc.fi\/?p=2529"},"modified":"2023-03-14T12:15:47","modified_gmt":"2023-03-14T10:15:47","slug":"bio-ja-kiertotalouden-uuden-laboratorion-avajaiset-31-3-2023","status":"publish","type":"post","link":"https:\/\/biocc.fi\/en\/bio-ja-kiertotalouden-uuden-laboratorion-avajaiset-31-3-2023\/","title":{"rendered":"Opening of the new bio- and circular economy laboratory on March 31, 2023"},"content":{"rendered":"<p><img loading=\"lazy\" decoding=\"async\" class=\"alignnone wp-image-2530 size-large\" src=\"https:\/\/biocc.fi\/wp-content\/uploads\/2023\/03\/biolabra_savethedate_pysty-819x1024.png\" alt=\"\" width=\"819\" height=\"1024\" srcset=\"https:\/\/biocc.fi\/wp-content\/uploads\/2023\/03\/biolabra_savethedate_pysty-819x1024.png 819w, https:\/\/biocc.fi\/wp-content\/uploads\/2023\/03\/biolabra_savethedate_pysty-240x300.png 240w, https:\/\/biocc.fi\/wp-content\/uploads\/2023\/03\/biolabra_savethedate_pysty-768x960.png 768w, https:\/\/biocc.fi\/wp-content\/uploads\/2023\/03\/biolabra_savethedate_pysty-10x12.png 10w, https:\/\/biocc.fi\/wp-content\/uploads\/2023\/03\/biolabra_savethedate_pysty-1000x1250.png 1000w, https:\/\/biocc.fi\/wp-content\/uploads\/2023\/03\/biolabra_savethedate_pysty-230x288.png 230w, https:\/\/biocc.fi\/wp-content\/uploads\/2023\/03\/biolabra_savethedate_pysty-350x438.png 350w, https:\/\/biocc.fi\/wp-content\/uploads\/2023\/03\/biolabra_savethedate_pysty-480x600.png 480w, https:\/\/biocc.fi\/wp-content\/uploads\/2023\/03\/biolabra_savethedate_pysty.png 1080w\" sizes=\"auto, (max-width: 819px) 100vw, 819px\" \/><\/p>\n<p>Haluamme koko Bio- ja kiertotalouden tiimin voimin kutsua Teid\u00e4t oikein l\u00e4mpim\u00e4sti tutustumaan uusiin, juuri Savilahteen valmistuneisiin Biolaboratorio-tiloihimme perjantaina 31.3.2023!<\/p>\n<p>J\u00e4rjest\u00e4mme p\u00e4iv\u00e4n aikana nelj\u00e4 kierrosta, joista voitte ilmoittautua ajankohdaltaan Teille parhaiten sopivalle:<\/p>\n<p>1. Kierros: Klo 8:30\u201310:00<br \/>\n2. Kierros: Klo 10:30\u201312:00<br \/>\n3. Kierros: Klo 12:30\u201314:00<br \/>\n4. Kierros: Klo 14:30\u201316:00<\/p>\n<p>Esittelemme Savonian Bio- ja kiertotalouden uudet Biolaboratoriotilat, niiden varustelun ja keskustelemme niiden tarjoamista tutkimusmahdollisuuksista. Tarjolla on tietenkin my\u00f6s kahvit ja pient\u00e4 suolaista.<\/p>\n<p>Ilmoittaudu tapahtumaan alla olevasta linkist\u00e4 perjantaihin 24.3. klo 12:00 menness\u00e4 \ud83d\udc47<\/p>\n<p><a href=\"https:\/\/link.webropolsurveys.com\/S\/CA79EF2798B31378\">https:\/\/link.webropolsurveys.com\/S\/CA79EF2798B31378<\/a><\/p>\n<p>Saapumisohjeet: Neulaniementie 3 Kuopio, Savilahden kampuksen Sytytin-rakennus (<a href=\"https:\/\/www.google.com\/maps\/place\/Sytytin,+70150+Kuopio\/@62.8917567,27.6272931,17z\/data=!3m1!4b1!4m6!3m5!1s0x4684ba7719e40453:0xadb960dd1b31596d!8m2!3d62.8917567!4d27.6294818!16s%2Fg%2F12hv2l3mm\">sijainti kartalla<\/a>).<\/p>\n<p>&nbsp;<\/p>\n<p>Tervetuloa!<\/p>\n<p>&nbsp;<\/p>","protected":false},"excerpt":{"rendered":"<p>Haluamme koko Bio- ja kiertotalouden tiimin voimin kutsua Teid\u00e4t oikein l\u00e4mpim\u00e4sti tutustumaan uusiin, juuri Savilahteen valmistuneisiin Biolaboratorio-tiloihimme perjantaina 31.3.2023! J\u00e4rjest\u00e4mme p\u00e4iv\u00e4n aikana [&hellip;]<\/p>\n","protected":false},"author":1,"featured_media":0,"comment_status":"open","ping_status":"open","sticky":false,"template":"","format":"standard","meta":{"footnotes":""},"categories":[15,1],"tags":[],"class_list":["post-2529","post","type-post","status-publish","format-standard","hentry","category-uutiset","category-yleinen"],"yoast_head":"<!-- This site is optimized with the Yoast SEO plugin v27.5 - https:\/\/yoast.com\/product\/yoast-seo-wordpress\/ -->\n<title>Bio- ja kiertotalouden uuden laboratorion avajaiset 31.3.2023 - Bio and Circular Cluster - North Savo<\/title>\n<meta name=\"robots\" content=\"index, follow, max-snippet:-1, max-image-preview:large, max-video-preview:-1\" \/>\n<link rel=\"canonical\" href=\"https:\/\/biocc.fi\/en\/bio-ja-kiertotalouden-uuden-laboratorion-avajaiset-31-3-2023\/\" \/>\n<meta property=\"og:locale\" content=\"en_US\" \/>\n<meta property=\"og:type\" content=\"article\" \/>\n<meta property=\"og:title\" content=\"Bio- ja kiertotalouden uuden laboratorion avajaiset 31.3.2023 - Bio and Circular Cluster - North Savo\" \/>\n<meta property=\"og:description\" content=\"Haluamme koko Bio- ja kiertotalouden tiimin voimin kutsua Teid\u00e4t oikein l\u00e4mpim\u00e4sti tutustumaan uusiin, juuri Savilahteen valmistuneisiin Biolaboratorio-tiloihimme perjantaina 31.3.2023! J\u00e4rjest\u00e4mme p\u00e4iv\u00e4n aikana [&hellip;]\" \/>\n<meta property=\"og:url\" content=\"https:\/\/biocc.fi\/en\/bio-ja-kiertotalouden-uuden-laboratorion-avajaiset-31-3-2023\/\" \/>\n<meta property=\"og:site_name\" content=\"Bio and Circular Cluster - North Savo\" \/>\n<meta property=\"article:published_time\" content=\"2023-03-14T10:12:54+00:00\" \/>\n<meta property=\"article:modified_time\" content=\"2023-03-14T10:15:47+00:00\" \/>\n<meta property=\"og:image\" content=\"https:\/\/biocc.fi\/wp-content\/uploads\/2023\/03\/biolabra_savethedate_pysty-819x1024.png\" \/>\n<meta name=\"author\" content=\"Biocc\" \/>\n<meta name=\"twitter:card\" content=\"summary_large_image\" \/>\n<meta name=\"twitter:label1\" content=\"Written by\" \/>\n\t<meta name=\"twitter:data1\" content=\"Biocc\" \/>\n\t<meta name=\"twitter:label2\" content=\"Est. reading time\" \/>\n\t<meta name=\"twitter:data2\" content=\"1 minute\" \/>\n<script type=\"application\/ld+json\" class=\"yoast-schema-graph\">{\"@context\":\"https:\\\/\\\/schema.org\",\"@graph\":[{\"@type\":\"Article\",\"@id\":\"https:\\\/\\\/biocc.fi\\\/bio-ja-kiertotalouden-uuden-laboratorion-avajaiset-31-3-2023\\\/#article\",\"isPartOf\":{\"@id\":\"https:\\\/\\\/biocc.fi\\\/bio-ja-kiertotalouden-uuden-laboratorion-avajaiset-31-3-2023\\\/\"},\"author\":{\"name\":\"Biocc\",\"@id\":\"https:\\\/\\\/biocc.fi\\\/#\\\/schema\\\/person\\\/e149d6f276501e67e2a48a6963c7b7e1\"},\"headline\":\"Bio- ja kiertotalouden uuden laboratorion avajaiset 31.3.2023\",\"datePublished\":\"2023-03-14T10:12:54+00:00\",\"dateModified\":\"2023-03-14T10:15:47+00:00\",\"mainEntityOfPage\":{\"@id\":\"https:\\\/\\\/biocc.fi\\\/bio-ja-kiertotalouden-uuden-laboratorion-avajaiset-31-3-2023\\\/\"},\"wordCount\":101,\"commentCount\":0,\"image\":{\"@id\":\"https:\\\/\\\/biocc.fi\\\/bio-ja-kiertotalouden-uuden-laboratorion-avajaiset-31-3-2023\\\/#primaryimage\"},\"thumbnailUrl\":\"https:\\\/\\\/biocc.fi\\\/wp-content\\\/uploads\\\/2023\\\/03\\\/biolabra_savethedate_pysty-819x1024.png\",\"articleSection\":[\"UUTISET\",\"Yleinen\"],\"inLanguage\":\"en-US\",\"potentialAction\":[{\"@type\":\"CommentAction\",\"name\":\"Comment\",\"target\":[\"https:\\\/\\\/biocc.fi\\\/bio-ja-kiertotalouden-uuden-laboratorion-avajaiset-31-3-2023\\\/#respond\"]}]},{\"@type\":\"WebPage\",\"@id\":\"https:\\\/\\\/biocc.fi\\\/bio-ja-kiertotalouden-uuden-laboratorion-avajaiset-31-3-2023\\\/\",\"url\":\"https:\\\/\\\/biocc.fi\\\/bio-ja-kiertotalouden-uuden-laboratorion-avajaiset-31-3-2023\\\/\",\"name\":\"Bio- ja kiertotalouden uuden laboratorion avajaiset 31.3.2023 - Bio and Circular Cluster - North Savo\",\"isPartOf\":{\"@id\":\"https:\\\/\\\/biocc.fi\\\/#website\"},\"primaryImageOfPage\":{\"@id\":\"https:\\\/\\\/biocc.fi\\\/bio-ja-kiertotalouden-uuden-laboratorion-avajaiset-31-3-2023\\\/#primaryimage\"},\"image\":{\"@id\":\"https:\\\/\\\/biocc.fi\\\/bio-ja-kiertotalouden-uuden-laboratorion-avajaiset-31-3-2023\\\/#primaryimage\"},\"thumbnailUrl\":\"https:\\\/\\\/biocc.fi\\\/wp-content\\\/uploads\\\/2023\\\/03\\\/biolabra_savethedate_pysty-819x1024.png\",\"datePublished\":\"2023-03-14T10:12:54+00:00\",\"dateModified\":\"2023-03-14T10:15:47+00:00\",\"author\":{\"@id\":\"https:\\\/\\\/biocc.fi\\\/#\\\/schema\\\/person\\\/e149d6f276501e67e2a48a6963c7b7e1\"},\"breadcrumb\":{\"@id\":\"https:\\\/\\\/biocc.fi\\\/bio-ja-kiertotalouden-uuden-laboratorion-avajaiset-31-3-2023\\\/#breadcrumb\"},\"inLanguage\":\"en-US\",\"potentialAction\":[{\"@type\":\"ReadAction\",\"target\":[\"https:\\\/\\\/biocc.fi\\\/bio-ja-kiertotalouden-uuden-laboratorion-avajaiset-31-3-2023\\\/\"]}]},{\"@type\":\"ImageObject\",\"inLanguage\":\"en-US\",\"@id\":\"https:\\\/\\\/biocc.fi\\\/bio-ja-kiertotalouden-uuden-laboratorion-avajaiset-31-3-2023\\\/#primaryimage\",\"url\":\"https:\\\/\\\/biocc.fi\\\/wp-content\\\/uploads\\\/2023\\\/03\\\/biolabra_savethedate_pysty-819x1024.png\",\"contentUrl\":\"https:\\\/\\\/biocc.fi\\\/wp-content\\\/uploads\\\/2023\\\/03\\\/biolabra_savethedate_pysty-819x1024.png\"},{\"@type\":\"BreadcrumbList\",\"@id\":\"https:\\\/\\\/biocc.fi\\\/bio-ja-kiertotalouden-uuden-laboratorion-avajaiset-31-3-2023\\\/#breadcrumb\",\"itemListElement\":[{\"@type\":\"ListItem\",\"position\":1,\"name\":\"Etusivu\",\"item\":\"https:\\\/\\\/biocc.fi\\\/\"},{\"@type\":\"ListItem\",\"position\":2,\"name\":\"Bio- ja kiertotalouden uuden laboratorion avajaiset 31.3.2023\"}]},{\"@type\":\"WebSite\",\"@id\":\"https:\\\/\\\/biocc.fi\\\/#website\",\"url\":\"https:\\\/\\\/biocc.fi\\\/\",\"name\":\"Bio and Circular Cluster - North Savo\",\"description\":\"Pohjois-Savon bio- ja kiertotalouden ekosysteemin verkkosivut | Bio and circular cluster - North Savo website\",\"potentialAction\":[{\"@type\":\"SearchAction\",\"target\":{\"@type\":\"EntryPoint\",\"urlTemplate\":\"https:\\\/\\\/biocc.fi\\\/?s={search_term_string}\"},\"query-input\":{\"@type\":\"PropertyValueSpecification\",\"valueRequired\":true,\"valueName\":\"search_term_string\"}}],\"inLanguage\":\"en-US\"},{\"@type\":\"Person\",\"@id\":\"https:\\\/\\\/biocc.fi\\\/#\\\/schema\\\/person\\\/e149d6f276501e67e2a48a6963c7b7e1\",\"name\":\"Biocc\",\"image\":{\"@type\":\"ImageObject\",\"inLanguage\":\"en-US\",\"@id\":\"https:\\\/\\\/secure.gravatar.com\\\/avatar\\\/46771f0c00ac6975f6efacb563f12cd925e6a85e4b20bae3f0633c5c39ab4cc8?s=96&d=mm&r=g\",\"url\":\"https:\\\/\\\/secure.gravatar.com\\\/avatar\\\/46771f0c00ac6975f6efacb563f12cd925e6a85e4b20bae3f0633c5c39ab4cc8?s=96&d=mm&r=g\",\"contentUrl\":\"https:\\\/\\\/secure.gravatar.com\\\/avatar\\\/46771f0c00ac6975f6efacb563f12cd925e6a85e4b20bae3f0633c5c39ab4cc8?s=96&d=mm&r=g\",\"caption\":\"Biocc\"},\"sameAs\":[\"https:\\\/\\\/biocc.fi\"],\"url\":\"https:\\\/\\\/biocc.fi\\\/en\\\/author\\\/bioccadminb\\\/\"}]}<\/script>\n<!-- \/ Yoast SEO plugin. -->","yoast_head_json":{"title":"Bio- ja kiertotalouden uuden laboratorion avajaiset 31.3.2023 - Bio and Circular Cluster - North Savo","robots":{"index":"index","follow":"follow","max-snippet":"max-snippet:-1","max-image-preview":"max-image-preview:large","max-video-preview":"max-video-preview:-1"},"canonical":"https:\/\/biocc.fi\/en\/bio-ja-kiertotalouden-uuden-laboratorion-avajaiset-31-3-2023\/","og_locale":"en_US","og_type":"article","og_title":"Bio- ja kiertotalouden uuden laboratorion avajaiset 31.3.2023 - Bio and Circular Cluster - North Savo","og_description":"Haluamme koko Bio- ja kiertotalouden tiimin voimin kutsua Teid\u00e4t oikein l\u00e4mpim\u00e4sti tutustumaan uusiin, juuri Savilahteen valmistuneisiin Biolaboratorio-tiloihimme perjantaina 31.3.2023! J\u00e4rjest\u00e4mme p\u00e4iv\u00e4n aikana [&hellip;]","og_url":"https:\/\/biocc.fi\/en\/bio-ja-kiertotalouden-uuden-laboratorion-avajaiset-31-3-2023\/","og_site_name":"Bio and Circular Cluster - North Savo","article_published_time":"2023-03-14T10:12:54+00:00","article_modified_time":"2023-03-14T10:15:47+00:00","og_image":[{"url":"https:\/\/biocc.fi\/wp-content\/uploads\/2023\/03\/biolabra_savethedate_pysty-819x1024.png","type":"","width":"","height":""}],"author":"Biocc","twitter_card":"summary_large_image","twitter_misc":{"Written by":"Biocc","Est. reading time":"1 minute"},"schema":{"@context":"https:\/\/schema.org","@graph":[{"@type":"Article","@id":"https:\/\/biocc.fi\/bio-ja-kiertotalouden-uuden-laboratorion-avajaiset-31-3-2023\/#article","isPartOf":{"@id":"https:\/\/biocc.fi\/bio-ja-kiertotalouden-uuden-laboratorion-avajaiset-31-3-2023\/"},"author":{"name":"Biocc","@id":"https:\/\/biocc.fi\/#\/schema\/person\/e149d6f276501e67e2a48a6963c7b7e1"},"headline":"Bio- ja kiertotalouden uuden laboratorion avajaiset 31.3.2023","datePublished":"2023-03-14T10:12:54+00:00","dateModified":"2023-03-14T10:15:47+00:00","mainEntityOfPage":{"@id":"https:\/\/biocc.fi\/bio-ja-kiertotalouden-uuden-laboratorion-avajaiset-31-3-2023\/"},"wordCount":101,"commentCount":0,"image":{"@id":"https:\/\/biocc.fi\/bio-ja-kiertotalouden-uuden-laboratorion-avajaiset-31-3-2023\/#primaryimage"},"thumbnailUrl":"https:\/\/biocc.fi\/wp-content\/uploads\/2023\/03\/biolabra_savethedate_pysty-819x1024.png","articleSection":["UUTISET","Yleinen"],"inLanguage":"en-US","potentialAction":[{"@type":"CommentAction","name":"Comment","target":["https:\/\/biocc.fi\/bio-ja-kiertotalouden-uuden-laboratorion-avajaiset-31-3-2023\/#respond"]}]},{"@type":"WebPage","@id":"https:\/\/biocc.fi\/bio-ja-kiertotalouden-uuden-laboratorion-avajaiset-31-3-2023\/","url":"https:\/\/biocc.fi\/bio-ja-kiertotalouden-uuden-laboratorion-avajaiset-31-3-2023\/","name":"Bio- ja kiertotalouden uuden laboratorion avajaiset 31.3.2023 - Bio and Circular Cluster - North Savo","isPartOf":{"@id":"https:\/\/biocc.fi\/#website"},"primaryImageOfPage":{"@id":"https:\/\/biocc.fi\/bio-ja-kiertotalouden-uuden-laboratorion-avajaiset-31-3-2023\/#primaryimage"},"image":{"@id":"https:\/\/biocc.fi\/bio-ja-kiertotalouden-uuden-laboratorion-avajaiset-31-3-2023\/#primaryimage"},"thumbnailUrl":"https:\/\/biocc.fi\/wp-content\/uploads\/2023\/03\/biolabra_savethedate_pysty-819x1024.png","datePublished":"2023-03-14T10:12:54+00:00","dateModified":"2023-03-14T10:15:47+00:00","author":{"@id":"https:\/\/biocc.fi\/#\/schema\/person\/e149d6f276501e67e2a48a6963c7b7e1"},"breadcrumb":{"@id":"https:\/\/biocc.fi\/bio-ja-kiertotalouden-uuden-laboratorion-avajaiset-31-3-2023\/#breadcrumb"},"inLanguage":"en-US","potentialAction":[{"@type":"ReadAction","target":["https:\/\/biocc.fi\/bio-ja-kiertotalouden-uuden-laboratorion-avajaiset-31-3-2023\/"]}]},{"@type":"ImageObject","inLanguage":"en-US","@id":"https:\/\/biocc.fi\/bio-ja-kiertotalouden-uuden-laboratorion-avajaiset-31-3-2023\/#primaryimage","url":"https:\/\/biocc.fi\/wp-content\/uploads\/2023\/03\/biolabra_savethedate_pysty-819x1024.png","contentUrl":"https:\/\/biocc.fi\/wp-content\/uploads\/2023\/03\/biolabra_savethedate_pysty-819x1024.png"},{"@type":"BreadcrumbList","@id":"https:\/\/biocc.fi\/bio-ja-kiertotalouden-uuden-laboratorion-avajaiset-31-3-2023\/#breadcrumb","itemListElement":[{"@type":"ListItem","position":1,"name":"Etusivu","item":"https:\/\/biocc.fi\/"},{"@type":"ListItem","position":2,"name":"Bio- ja kiertotalouden uuden laboratorion avajaiset 31.3.2023"}]},{"@type":"WebSite","@id":"https:\/\/biocc.fi\/#website","url":"https:\/\/biocc.fi\/","name":"Bio and Circular Cluster - North Savo","description":"Pohjois-Savon bio- ja kiertotalouden ekosysteemin verkkosivut | Bio and circular cluster - North Savo website","potentialAction":[{"@type":"SearchAction","target":{"@type":"EntryPoint","urlTemplate":"https:\/\/biocc.fi\/?s={search_term_string}"},"query-input":{"@type":"PropertyValueSpecification","valueRequired":true,"valueName":"search_term_string"}}],"inLanguage":"en-US"},{"@type":"Person","@id":"https:\/\/biocc.fi\/#\/schema\/person\/e149d6f276501e67e2a48a6963c7b7e1","name":"Biocc","image":{"@type":"ImageObject","inLanguage":"en-US","@id":"https:\/\/secure.gravatar.com\/avatar\/46771f0c00ac6975f6efacb563f12cd925e6a85e4b20bae3f0633c5c39ab4cc8?s=96&d=mm&r=g","url":"https:\/\/secure.gravatar.com\/avatar\/46771f0c00ac6975f6efacb563f12cd925e6a85e4b20bae3f0633c5c39ab4cc8?s=96&d=mm&r=g","contentUrl":"https:\/\/secure.gravatar.com\/avatar\/46771f0c00ac6975f6efacb563f12cd925e6a85e4b20bae3f0633c5c39ab4cc8?s=96&d=mm&r=g","caption":"Biocc"},"sameAs":["https:\/\/biocc.fi"],"url":"https:\/\/biocc.fi\/en\/author\/bioccadminb\/"}]}},"_links":{"self":[{"href":"https:\/\/biocc.fi\/en\/wp-json\/wp\/v2\/posts\/2529","targetHints":{"allow":["GET"]}}],"collection":[{"href":"https:\/\/biocc.fi\/en\/wp-json\/wp\/v2\/posts"}],"about":[{"href":"https:\/\/biocc.fi\/en\/wp-json\/wp\/v2\/types\/post"}],"author":[{"embeddable":true,"href":"https:\/\/biocc.fi\/en\/wp-json\/wp\/v2\/users\/1"}],"replies":[{"embeddable":true,"href":"https:\/\/biocc.fi\/en\/wp-json\/wp\/v2\/comments?post=2529"}],"version-history":[{"count":3,"href":"https:\/\/biocc.fi\/en\/wp-json\/wp\/v2\/posts\/2529\/revisions"}],"predecessor-version":[{"id":2533,"href":"https:\/\/biocc.fi\/en\/wp-json\/wp\/v2\/posts\/2529\/revisions\/2533"}],"wp:attachment":[{"href":"https:\/\/biocc.fi\/en\/wp-json\/wp\/v2\/media?parent=2529"}],"wp:term":[{"taxonomy":"category","embeddable":true,"href":"https:\/\/biocc.fi\/en\/wp-json\/wp\/v2\/categories?post=2529"},{"taxonomy":"post_tag","embeddable":true,"href":"https:\/\/biocc.fi\/en\/wp-json\/wp\/v2\/tags?post=2529"}],"curies":[{"name":"wp","href":"https:\/\/api.w.org\/{rel}","templated":true}]}}